{"id":35526,"date":"2026-05-02T09:09:48","date_gmt":"2026-05-02T06:09:48","guid":{"rendered":"https:\/\/www.ir-ia.com\/news\/?p=35526"},"modified":"2026-05-02T09:10:02","modified_gmt":"2026-05-02T06:10:02","slug":"israel-intercepts-gaza-bound-humanitarian-flotilla-in-international-waters-near-greece-detains-activists","status":"publish","type":"post","link":"https:\/\/www.ir-ia.com\/news\/israel-intercepts-gaza-bound-humanitarian-flotilla-in-international-waters-near-greece-detains-activists\/","title":{"rendered":"Israel intercepts Gaza-bound humanitarian flotilla in international waters near Greece, detains activists"},"content":{"rendered":"\n<p><em>6 minute read<\/em><\/p>\n\n\n\n<p><strong>Israel intercepted a Gaza-bound aid flotilla in international waters on April 30, 2026, near Greece, and detained 175 activists, triggering a wave of diplomatic reactions and condemnations.<\/strong><\/p>\n\n\n\n<p>Israeli naval forces stopped vessels from the Global Sumud Flotilla early Thursday as they sailed toward Gaza, aiming to deliver humanitarian aid and challenge Israel\u2019s longstanding naval blockade. The flotilla, consisting of 58 vessels that departed from Spain and Italy at the start of April, was intercepted near the island of Crete, still hundreds of miles from Gaza.<\/p>\n\n\n\n<p>Around 175 activists from multiple countries were detained after Israeli forces boarded and seized at least 22 boats. Israeli authorities said the operation was conducted to prevent a breach of what it described as a lawful naval blockade.<\/p>\n\n\n\n<p>According to Israel\u2019s Foreign Ministry, the majority of those detained were transferred to Greece after coordination with authorities there.<br><\/p>\n\n\n\n<blockquote class=\"twitter-tweet\"><p lang=\"en\" dir=\"ltr\">Dozens of activists on a Gaza-bound aid flotilla which was intercepted by Israeli forces in international waters off Crete disembark at a small port on the island. They were escorted by the Greek coastguard. Most of the activists are nationals of European countries. <a href=\"https:\/\/t.co\/qInt8PQUcC\">pic.twitter.com\/qInt8PQUcC<\/a><\/p>&mdash; AFP News Agency (@AFP) <a href=\"https:\/\/twitter.com\/AFP\/status\/2050274189001519117?ref_src=twsrc%5Etfw\">May 1, 2026<\/a><\/blockquote> <script async src=\"https:\/\/platform.twitter.com\/widgets.js\" charset=\"utf-8\"><\/script>\n\n\n\n<p><br>Greek officials confirmed that the activists were taken to Crete, where many were processed for return to their home countries. Some individuals received medical attention for unspecified conditions, while others were transported to Heraklion airport for departure.<\/p>\n\n\n\n<p><br><strong>Two Activists Taken to Israel<\/strong><\/p>\n\n\n\n<p>Israeli authorities confirmed that two individuals, a Spanish-Swedish citizen of Palestinian origin Saif Abu Keshek and a Brazilian citizen Thiago Avila, were taken to Israel for further questioning. The Foreign Ministry stated that Abu Keshek was suspected of links to a \u201cterrorist organization,\u201d while Avila was accused of \u201cillegal activity.\u201d<\/p>\n\n\n\n<p>\u201cAll the detained activists have disembarked in Crete, apart from two men who are being brought to Israel \u2018for questioning\u2019,\u201d the ministry said, reiterating that \u201cIsrael will not allow the breach of the lawful naval blockade on Gaza.\u201d<br><\/p>\n\n\n\n<blockquote class=\"twitter-tweet\"><p lang=\"es\" dir=\"ltr\">\ud83d\udea8 Actualizaci\u00f3n. La mayor\u00eda de nuestros compa\u00f1eros de la Global Sumud Flotilla est\u00e1n libres, pero no as\u00ed los coordinadores Thiago Avila y Saif Abukashek. Thiago es brasile\u00f1o y Saif de nacionalidad espa\u00f1ola y sueca, pero por su origen palestino podr\u00eda ser detenido bajo el r\u00e9gimen\u2026 <a href=\"https:\/\/t.co\/B6LwwKS3hQ\">pic.twitter.com\/B6LwwKS3hQ<\/a><\/p>&mdash; Lautaro Rivara (@LautaroRivara) <a href=\"https:\/\/twitter.com\/LautaroRivara\/status\/2050240919966753162?ref_src=twsrc%5Etfw\">May 1, 2026<\/a><\/blockquote> <script async src=\"https:\/\/platform.twitter.com\/widgets.js\" charset=\"utf-8\"><\/script>\n\n\n\n<p><br>Spain\u2019s foreign minister said one of the detainees had been \u201cillegally\u201d arrested and called for his immediate release, reflecting broader concerns among European governments over the operation.<\/p>\n\n\n\n<p><br><strong>Conflicting accounts of the Operation<\/strong><\/p>\n\n\n\n<p>Organizers of the Global Sumud Flotilla strongly contested Israel\u2019s account, alleging that Israeli forces used force during the interception. The group said vessels were boarded, engines were damaged, and communications systems were disrupted.<\/p>\n\n\n\n<p>\u201cIntentionally leaving hundreds of civilians stranded on powerless, broken vessels directly in the path of a massive approaching storm,\u201d the group said, adding that communications had been jammed, preventing coordination and distress signaling.<\/p>\n\n\n\n<p>Israel rejected these claims, stating that the operation was conducted \u201cpeacefully and without any casualties.\u201d It also alleged that the flotilla was linked to Hamas and described it as a \u201cprovocation\u201d aimed at generating publicity and diverting attention from ongoing disarmament demands.<\/p>\n\n\n<div class=\"wp-block-image\">\n<figure class=\"alignleft size-full is-resized\"><a href=\"https:\/\/i0.wp.com\/www.ir-ia.com\/news\/wp-content\/uploads\/2026\/05\/boats-in-solidarity-with-Palestine.jpg?ssl=1\"><img data-recalc-dims=\"1\" loading=\"lazy\" decoding=\"async\" width=\"900\" height=\"600\" src=\"https:\/\/i0.wp.com\/www.ir-ia.com\/news\/wp-content\/uploads\/2026\/05\/boats-in-solidarity-with-Palestine.jpg?resize=900%2C600&#038;ssl=1\" alt=\"Boats carrying activists and humanitarian aid for Palestinians in Gaza\" class=\"wp-image-35540\" style=\"width:840px\" srcset=\"https:\/\/i0.wp.com\/www.ir-ia.com\/news\/wp-content\/uploads\/2026\/05\/boats-in-solidarity-with-Palestine.jpg?w=900&amp;ssl=1 900w, https:\/\/i0.wp.com\/www.ir-ia.com\/news\/wp-content\/uploads\/2026\/05\/boats-in-solidarity-with-Palestine.jpg?resize=300%2C200&amp;ssl=1 300w, https:\/\/i0.wp.com\/www.ir-ia.com\/news\/wp-content\/uploads\/2026\/05\/boats-in-solidarity-with-Palestine.jpg?resize=768%2C512&amp;ssl=1 768w, https:\/\/i0.wp.com\/www.ir-ia.com\/news\/wp-content\/uploads\/2026\/05\/boats-in-solidarity-with-Palestine.jpg?resize=589%2C392&amp;ssl=1 589w\" sizes=\"auto, (max-width: 900px) 100vw, 900px\" \/><\/a><figcaption class=\"wp-element-caption\"><em><sup>Boats carrying activists and humanitarian aid for Palestinians in Gaza reposition in the port during a symbolic send-off as part of the Global Sumud Flotilla in Barcelona, Spain, on April 2, 2026. (Image Credit: AP)<\/sup><\/em><\/figcaption><\/figure>\n<\/div>\n\n\n<p>The United States backed Israel\u2019s position, with the State Department describing the flotilla as a \u201cmeaningless political stunt\u201d and supporting Israel\u2019s justification for the interception.<br><\/p>\n\n\n\n<p><strong>International reactions and legal concerns<\/strong><\/p>\n\n\n\n<p>The incident drew mixed international reactions, highlighting deep divisions over the Gaza conflict and maritime enforcement. Countries including Turkiye and Italy condemned the interception, while a joint statement by Brazil, Pakistan, Spain, Malaysia, and South Africa described it as an \u201cassault\u201d on a humanitarian mission and a \u201cflagrant violation of international humanitarian law.\u201d<\/p>\n\n\n\n<p>Ireland\u2019s foreign minister called for the immediate release of detained citizens and urged Israel to uphold its obligations under international law. Germany and Italy also said they were closely monitoring the situation with concern.<\/p>\n\n\n\n<p>Amnesty International\u2019s Senior Director for Research, Advocacy, Policy and Campaigns, Erika Guevara Rosas, condemned Israel\u2019s \u201cbrazen and unlawful interception\u201d of the Global Sumud Flotilla and the \u201carbitrary detention\u201d of dozens of activists, warning that it \u201cunderscores the dangerous consequences of decades of impunity for Israel\u2019s ongoing atrocity crimes against Palestinians, including genocide in the Gaza Strip and apartheid,\u201d alongside its unlawful occupation.<\/p>\n\n\n\n<p>In the United Kingdom, a cross-party group of parliamentarians called for urgent diplomatic action, describing the interception as a potential breach of maritime law. Lawmakers emphasized that the vessels were operating in international waters, raising questions about the legality of the operation under established navigation and civilian protection rules.<br><\/p>\n\n\n\n<blockquote class=\"twitter-tweet\" data-dnt=\"true\"><p lang=\"en\" dir=\"ltr\">There are grave concerns for the safety of the around 175 activists arbitrarily detained and being transported to Israel, after their vessels were boarded in international waters near Greece and Israel jammed their communication channels, severing their ability to coordinate or\u2026 <a href=\"https:\/\/t.co\/KAOAjPclO3\">pic.twitter.com\/KAOAjPclO3<\/a><\/p>&mdash; Amnesty International (@amnesty) <a href=\"https:\/\/twitter.com\/amnesty\/status\/2049857111807455504?ref_src=twsrc%5Etfw\">April 30, 2026<\/a><\/blockquote> <script async src=\"https:\/\/platform.twitter.com\/widgets.js\" charset=\"utf-8\"><\/script>\n\n\n\n<p><br>Greek authorities, meanwhile, framed their role as humanitarian, stating that they had assumed responsibility for receiving the activists under difficult conditions, with priority given to their safety and return.<\/p>\n\n\n\n<p>The flotilla\u2019s mission was part of a broader effort to challenge Israel\u2019s blockade of Gaza, which has been in place since 2007. Organizers said their goal was to deliver aid and push for the establishment of a permanent humanitarian corridor to the territory.<\/p>\n\n\n\n<p>The Gaza Strip, home to over two million people, continues to face severe humanitarian conditions. International organizations have warned of food insecurity, strained medical systems, and limited access to essential services.<\/p>\n\n\n\n<p>The current crisis is unfolding against the backdrop of the ongoing war in Gaza, which began in October 2023. According to available figures, the conflict has resulted in tens of thousands of deaths and widespread destruction, further intensifying international scrutiny over aid access and civilian protection.<\/p>\n\n\n\n<p>Israel maintains that aid can enter Gaza through controlled channels and that maritime attempts to bypass the blockade risk escalation. Israeli officials said the decision to intercept the flotilla was driven by security concerns and the need to prevent unauthorized entry.<\/p>\n\n\n\n<p><br><strong>Previous Flotilla Attempts<\/strong><\/p>\n\n\n\n<p>This is not the first time such an operation has taken place. Israel has previously intercepted similar flotillas attempting to reach Gaza, including an incident last year in which hundreds of activists were detained and later deported.<\/p>\n\n\n\n<p>These recurring confrontations underscore the ongoing tension between humanitarian initiatives seeking to challenge the blockade and Israel\u2019s enforcement of its maritime restrictions.<\/p>\n\n\n\n<p>As activists continue to return home and diplomatic discussions unfold, the incident adds another layer to the already complex and highly contested dynamics surrounding Gaza, humanitarian access, and international law.<\/p>\n\n\n<div class=\"wp-block-image\">\n<figure class=\"alignleft size-full is-resized\"><a href=\"https:\/\/i0.wp.com\/www.ir-ia.com\/news\/wp-content\/uploads\/2025\/10\/Global-Sumud-Flotilla-for-Palestine.jpg?ssl=1\"><img data-recalc-dims=\"1\" loading=\"lazy\" decoding=\"async\" width=\"690\" height=\"370\" src=\"https:\/\/i0.wp.com\/www.ir-ia.com\/news\/wp-content\/uploads\/2025\/10\/Global-Sumud-Flotilla-for-Palestine.jpg?resize=690%2C370&#038;ssl=1\" alt=\"Global Sumud Flotilla for Palestine\" class=\"wp-image-31949\" style=\"width:840px\" srcset=\"https:\/\/i0.wp.com\/www.ir-ia.com\/news\/wp-content\/uploads\/2025\/10\/Global-Sumud-Flotilla-for-Palestine.jpg?w=690&amp;ssl=1 690w, https:\/\/i0.wp.com\/www.ir-ia.com\/news\/wp-content\/uploads\/2025\/10\/Global-Sumud-Flotilla-for-Palestine.jpg?resize=300%2C161&amp;ssl=1 300w\" sizes=\"auto, (max-width: 690px) 100vw, 690px\" \/><\/a><figcaption class=\"wp-element-caption\"><em><sup>Global Sumud Flotilla for Palestine. (Image Credit: Doctors with Africa CUAMM)<\/sup><\/em><\/figcaption><\/figure>\n<\/div>","protected":false},"excerpt":{"rendered":"<p>Israel intercepted a Gaza-bound aid flotilla in international waters on April 30, 2026, near Greece, and detained 175 activists, triggering a wave of diplomatic reactions and condemnations.<\/p>\n","protected":false},"author":1,"featured_media":35543,"comment_status":"closed","ping_status":"closed","sticky":false,"template":"","format":"standard","meta":{"jetpack_post_was_ever_published":false,"_jetpack_newsletter_access":"","_jetpack_dont_email_post_to_subs":false,"_jetpack_newsletter_tier_id":0,"_jetpack_memberships_contains_paywalled_content":false,"_jetpack_memberships_contains_paid_content":false,"footnotes":"","jetpack_publicize_message":"","jetpack_publicize_feature_enabled":true,"jetpack_social_post_already_shared":true,"jetpack_social_options":{"image_generator_settings":{"template":"highway","default_image_id":0,"font":"","enabled":false},"version":2}},"categories":[44,1],"tags":[92,268,26,356,90,27],"class_list":["post-35526","post","type-post","status-publish","format-standard","has-post-thumbnail","hentry","category-middle-east","category-news","tag-gaza","tag-greece","tag-israel","tag-middle-east","tag-navy","tag-palestine"],"jetpack_publicize_connections":[],"jetpack_featured_media_url":"https:\/\/i0.wp.com\/www.ir-ia.com\/news\/wp-content\/uploads\/2026\/05\/Global-Sumud-Flotilla-2026.jpg?fit=690%2C370&ssl=1","jetpack_shortlink":"https:\/\/wp.me\/p7jJWb-9f0","jetpack_sharing_enabled":true,"_links":{"self":[{"href":"https:\/\/www.ir-ia.com\/news\/wp-json\/wp\/v2\/posts\/35526","targetHints":{"allow":["GET"]}}],"collection":[{"href":"https:\/\/www.ir-ia.com\/news\/wp-json\/wp\/v2\/posts"}],"about":[{"href":"https:\/\/www.ir-ia.com\/news\/wp-json\/wp\/v2\/types\/post"}],"author":[{"embeddable":true,"href":"https:\/\/www.ir-ia.com\/news\/wp-json\/wp\/v2\/users\/1"}],"replies":[{"embeddable":true,"href":"https:\/\/www.ir-ia.com\/news\/wp-json\/wp\/v2\/comments?post=35526"}],"version-history":[{"count":5,"href":"https:\/\/www.ir-ia.com\/news\/wp-json\/wp\/v2\/posts\/35526\/revisions"}],"predecessor-version":[{"id":35544,"href":"https:\/\/www.ir-ia.com\/news\/wp-json\/wp\/v2\/posts\/35526\/revisions\/35544"}],"wp:featuredmedia":[{"embeddable":true,"href":"https:\/\/www.ir-ia.com\/news\/wp-json\/wp\/v2\/media\/35543"}],"wp:attachment":[{"href":"https:\/\/www.ir-ia.com\/news\/wp-json\/wp\/v2\/media?parent=35526"}],"wp:term":[{"taxonomy":"category","embeddable":true,"href":"https:\/\/www.ir-ia.com\/news\/wp-json\/wp\/v2\/categories?post=35526"},{"taxonomy":"post_tag","embeddable":true,"href":"https:\/\/www.ir-ia.com\/news\/wp-json\/wp\/v2\/tags?post=35526"}],"curies":[{"name":"wp","href":"https:\/\/api.w.org\/{rel}","templated":true}]}}