{"id":34959,"date":"2026-03-31T03:00:46","date_gmt":"2026-03-31T00:00:46","guid":{"rendered":"https:\/\/www.ir-ia.com\/news\/?p=34959"},"modified":"2026-03-31T03:00:48","modified_gmt":"2026-03-31T00:00:48","slug":"syrian-president-al-sharaa-visits-germany-to-restore-ties-and-discuss-return-of-refugees","status":"publish","type":"post","link":"https:\/\/www.ir-ia.com\/news\/syrian-president-al-sharaa-visits-germany-to-restore-ties-and-discuss-return-of-refugees\/","title":{"rendered":"Syrian President Al Sharaa visits Germany to restore ties and discuss return of refugees"},"content":{"rendered":"\n<p><em>6 minute read<\/em><\/p>\n\n\n\n<p><strong>Syrian President Ahmad Al Sharaa visited Germany on March 30, 2026, to officially restore bilateral partnership, with both sides announcing plans to work together on rebuilding Syria and facilitating the return of refugees.<\/strong><\/p>\n\n\n\n<p>Speaking at a joint press conference in Berlin on Monday, Syrian President and German Chancellor Friedrich Merz said the relationship marks a new phase after the end of Syria\u2019s civil war.<\/p>\n\n\n\n<p>The visit is Al Sharaa\u2019s first trip to Germany since he led opposition forces to remove longtime Syrian leader Bashar Al Assad in late 2024. He was received in Berlin by German President Frank-Walter Steinmeier before holding talks with Chancellor Merz and senior officials.<\/p>\n\n\n\n<p>\u201cOur interest is in seeing Syria rebuilt as a stable and prosperous nation, including with the help of the many, many Syrians who came here to Germany and Europe during the civil war and found refuge here,\u201d German government spokesman Stefan Kornelius said.<\/p>\n\n\n\n<p>Speaking at a forum at Germany\u2019s Federal Foreign Office, Al Sharaa said Syria is ready to move forward. \u201cWe want to put this difficult time behind us and now catch up with the rest of the world,\u201d he said.<\/p>\n\n\n\n<p>He highlighted investment opportunities in sectors such as energy, transport, and tourism, describing Syria as a country with strong human potential and economic prospects.<br><\/p>\n\n\n\n<blockquote class=\"twitter-tweet\"><p lang=\"de\" dir=\"ltr\">Viele Syrer, die bei uns Zuflucht gefunden haben, wollen zur\u00fcck. Daran arbeiten wir mit der syrischen Regierung: Wir helfen, Institutionen aufzubauen und Voraussetzungen f\u00fcr Wirtschaftswachstum zu schaffen. Die Zusammenarbeit wollen Pr\u00e4sident <a href=\"https:\/\/twitter.com\/AH_AlSharaa?ref_src=twsrc%5Etfw\">@AH_AlSharaa<\/a> und ich st\u00e4rken. <a href=\"https:\/\/t.co\/pXaD7oMAwc\">pic.twitter.com\/pXaD7oMAwc<\/a><\/p>&mdash; Bundeskanzler Friedrich Merz (@bundeskanzler) <a href=\"https:\/\/twitter.com\/bundeskanzler\/status\/2038611486206009679?ref_src=twsrc%5Etfw\">March 30, 2026<\/a><\/blockquote> <script async src=\"https:\/\/platform.twitter.com\/widgets.js\" charset=\"utf-8\"><\/script>\n\n\n\n<p><br><br><strong>Reconstruction and Economic Cooperation<\/strong><\/p>\n\n\n\n<p>German officials signaled support for Syria\u2019s rebuilding efforts. \u201cWe stand with Syria,\u201d German Foreign Minister Johann Wadephul said. \u201cThe Syrians deserve a chance, and we want to help ensure that this opportunity is well utilized.\u201d<\/p>\n\n\n\n<p>Al Sharaa emphasized that Syrians living in Germany could play a key role in reconstruction. \u201cThese are Syrians who have studied at German universities, acquired German expertise, and are now working in German companies,\u201d he said. \u201cThrough investments in Syria, they can then bring this expertise back to Syria.\u201d<\/p>\n\n\n\n<p>The two sides are also working on joint programs to support reconstruction and economic recovery after years of war that damaged infrastructure, businesses, and public services.<\/p>\n\n\n\n<p><br><strong>Refugee Return Plan<\/strong><\/p>\n\n\n\n<p>A major focus of the talks was the possible return of Syrian refugees from Germany. Merz said the two countries aim to facilitate large-scale returns over the coming years.<\/p>\n\n\n\n<p>&#8220;Looking ahead over the next three years \u2013 as Sharaa has expressed his hope \u2013 around 80% of Syrians currently residing in Germany are expected to return to their home country,&#8221; he said.<\/p>\n\n\n\n<p>Germany hosts between 700,000 and 800,000 Syrians, most of whom arrived during the peak of the refugee crisis in 2015\u20132016.<\/p>\n\n\n\n<p>Merz said the first step would be returning those without valid residence rights, particularly individuals involved in criminal activity. He added that while many Syrians would return, some would remain in Germany, especially skilled workers such as doctors and caregivers.<\/p>\n\n\n<div class=\"wp-block-image\">\n<figure class=\"alignleft size-large is-resized\"><a href=\"https:\/\/i0.wp.com\/www.ir-ia.com\/news\/wp-content\/uploads\/2026\/03\/Syria-Germany-presidents-meeting.jpg?ssl=1\"><img data-recalc-dims=\"1\" loading=\"lazy\" decoding=\"async\" width=\"1016\" height=\"571\" src=\"https:\/\/i0.wp.com\/www.ir-ia.com\/news\/wp-content\/uploads\/2026\/03\/Syria-Germany-presidents-meeting.jpg?resize=1016%2C571&#038;ssl=1\" alt=\"Syrian President Ahmad al-Sharaa meeting with German President Frank-Walter Steinmeier\" class=\"wp-image-34963\" style=\"width:840px\" srcset=\"https:\/\/i0.wp.com\/www.ir-ia.com\/news\/wp-content\/uploads\/2026\/03\/Syria-Germany-presidents-meeting.jpg?resize=1024%2C575&amp;ssl=1 1024w, https:\/\/i0.wp.com\/www.ir-ia.com\/news\/wp-content\/uploads\/2026\/03\/Syria-Germany-presidents-meeting.jpg?resize=300%2C169&amp;ssl=1 300w, https:\/\/i0.wp.com\/www.ir-ia.com\/news\/wp-content\/uploads\/2026\/03\/Syria-Germany-presidents-meeting.jpg?resize=768%2C431&amp;ssl=1 768w, https:\/\/i0.wp.com\/www.ir-ia.com\/news\/wp-content\/uploads\/2026\/03\/Syria-Germany-presidents-meeting.jpg?w=1280&amp;ssl=1 1280w\" sizes=\"auto, (max-width: 1016px) 100vw, 1016px\" \/><\/a><figcaption class=\"wp-element-caption\"><em><sup>Syrian President Ahmad al-Sharaa meeting with German President Frank-Walter Steinmeier at Bellevue Palace in Berlin, Germany, on March 30, 2026. (Image Credit: Syrian Arab News Agency\/via X)<\/sup><\/em><br><br><\/figcaption><\/figure>\n<\/div>\n\n\n<p><br><strong>Circular Migration Model Proposed<\/strong><\/p>\n\n\n\n<p>Al Sharaa said the two governments are developing a \u201ccircular migration\u201d model. &#8220;We are working with our friends in the German government to establish a &#8216;circular&#8217; migration model,&#8221; he said.<\/p>\n\n\n\n<p>This approach would allow Syrians to contribute to rebuilding their country while maintaining stability in Germany if they choose to stay.<\/p>\n\n\n\n<p>\u201cThis would enable Syrians to contribute to the reconstruction of their homeland without giving up the stability and lives they have built here, for those who wish to stay,\u201d he added.<\/p>\n\n\n\n<p>Al Sharaa also expressed strong appreciation for Germany\u2019s support during the refugee crisis. \u201cYou gave our children the opportunity to learn, work, and rebuild their lives,\u201d he said.<\/p>\n\n\n\n<p>\u201cOn behalf of myself and the Syrian people, I express my deepest gratitude to Germany, its leadership and its people. We will never forget how you opened your doors to a million Syrians when all other avenues were closed,\u201d he added.<\/p>\n\n\n\n<p><br><strong>Security Concerns and Regional Tensions<\/strong><\/p>\n\n\n\n<p>The Syrian president also raised concerns about growing tensions in the Middle East. \u201cThe military escalation in the region poses significant risks to global energy supplies and prices, in addition to the risk of its expansion,\u201d he said.<\/p>\n\n\n\n<p>He condemned Israeli actions in Syria, citing attacks, violations of the 1974 Disengagement Agreement, and what he described as the occupation of additional territory.<\/p>\n\n\n\n<p>\u201cWe condemn any infringement on the security and sovereignty of our brotherly Arab states,\u201d he added.<\/p>\n\n\n<div class=\"wp-block-image\">\n<figure class=\"alignleft size-large is-resized\"><a href=\"https:\/\/i0.wp.com\/www.ir-ia.com\/news\/wp-content\/uploads\/2026\/03\/Germany-Syria-leaders-meeting.jpg?ssl=1\"><img data-recalc-dims=\"1\" loading=\"lazy\" decoding=\"async\" width=\"1016\" height=\"678\" src=\"https:\/\/i0.wp.com\/www.ir-ia.com\/news\/wp-content\/uploads\/2026\/03\/Germany-Syria-leaders-meeting.jpg?resize=1016%2C678&#038;ssl=1\" alt=\"German Chancellor Friedrich Merz and Syrian President Ahmed al-Sharaa\" class=\"wp-image-34962\" style=\"width:840px\" srcset=\"https:\/\/i0.wp.com\/www.ir-ia.com\/news\/wp-content\/uploads\/2026\/03\/Germany-Syria-leaders-meeting.jpg?resize=1024%2C683&amp;ssl=1 1024w, https:\/\/i0.wp.com\/www.ir-ia.com\/news\/wp-content\/uploads\/2026\/03\/Germany-Syria-leaders-meeting.jpg?resize=300%2C200&amp;ssl=1 300w, https:\/\/i0.wp.com\/www.ir-ia.com\/news\/wp-content\/uploads\/2026\/03\/Germany-Syria-leaders-meeting.jpg?resize=768%2C512&amp;ssl=1 768w, https:\/\/i0.wp.com\/www.ir-ia.com\/news\/wp-content\/uploads\/2026\/03\/Germany-Syria-leaders-meeting.jpg?resize=589%2C392&amp;ssl=1 589w, https:\/\/i0.wp.com\/www.ir-ia.com\/news\/wp-content\/uploads\/2026\/03\/Germany-Syria-leaders-meeting.jpg?w=1200&amp;ssl=1 1200w\" sizes=\"auto, (max-width: 1016px) 100vw, 1016px\" \/><\/a><figcaption class=\"wp-element-caption\"><em><sup>German Chancellor Friedrich Merz and Syrian President Ahmed al-Sharaa hold a press conference at the Chancellery in Berlin, Germany, on March 30, 2026. (Image Credit: Reuters\/Lisi Niesner)<\/sup><\/em><br><br><\/figcaption><\/figure>\n<\/div>\n\n\n<p><br><strong>German Domestic Politics and Opposition Concerns<\/strong><\/p>\n\n\n\n<p>The refugee issue remains politically sensitive in Germany. Merz\u2019s government has taken a tougher stance on migration amid rising support for the far-right Alternative for Germany (AfD) party.<\/p>\n\n\n\n<p>Migration has become a key political issue across Europe, especially since the 2015 refugee crisis, when then-Chancellor Angela Merkel allowed large numbers of refugees into Germany.<\/p>\n\n\n\n<p>&#8220;Wir schaffen das,&#8221; she said at the time, meaning &#8220;We&#8217;ll manage this.&#8221; The decision drew both praise and criticism and continues to shape political debate in the country.<\/p>\n\n\n\n<p>The proposed return of refugees has faced criticism from opposition figures and civil society groups. Franziska Brantner of the Green Party said many Syrians cannot safely return due to ongoing security concerns and limited infrastructure in Syria.<\/p>\n\n\n\n<p>She added that many refugees are now deeply integrated into German society, working in essential sectors and raising families.<\/p>\n\n\n\n<p>Protests were also held in Berlin during Al Sharaa\u2019s visit. A demonstration was organized under the slogan \u201cNo deportation deals with human rights abusers,\u201d reflecting concerns about conditions in Syria and the safety of returnees.<\/p>\n\n\n\n<p>The Kurdish Community in Germany also called for guarantees on the protection of minorities, accusing Al Sharaa of human rights violations and raising concerns about potential risks.<\/p>\n\n\n\n<p>Both sides acknowledged that any return process would take time and depend on conditions inside Syria.<\/p>\n\n\n<div class=\"wp-block-image\">\n<figure class=\"alignleft size-large\"><a href=\"https:\/\/i0.wp.com\/www.ir-ia.com\/news\/wp-content\/uploads\/2025\/02\/Syrian-refugee-family-in-Turkey.jpg?ssl=1\"><img data-recalc-dims=\"1\" loading=\"lazy\" decoding=\"async\" width=\"1016\" height=\"678\" src=\"https:\/\/i0.wp.com\/www.ir-ia.com\/news\/wp-content\/uploads\/2025\/02\/Syrian-refugee-family-in-Turkey.jpg?resize=1016%2C678&#038;ssl=1\" alt=\"Syrian family in Suruc refugee camp in Turkey\" class=\"wp-image-27323\" srcset=\"https:\/\/i0.wp.com\/www.ir-ia.com\/news\/wp-content\/uploads\/2025\/02\/Syrian-refugee-family-in-Turkey.jpg?resize=1024%2C683&amp;ssl=1 1024w, https:\/\/i0.wp.com\/www.ir-ia.com\/news\/wp-content\/uploads\/2025\/02\/Syrian-refugee-family-in-Turkey.jpg?resize=300%2C200&amp;ssl=1 300w, https:\/\/i0.wp.com\/www.ir-ia.com\/news\/wp-content\/uploads\/2025\/02\/Syrian-refugee-family-in-Turkey.jpg?resize=768%2C512&amp;ssl=1 768w, https:\/\/i0.wp.com\/www.ir-ia.com\/news\/wp-content\/uploads\/2025\/02\/Syrian-refugee-family-in-Turkey.jpg?resize=589%2C392&amp;ssl=1 589w, https:\/\/i0.wp.com\/www.ir-ia.com\/news\/wp-content\/uploads\/2025\/02\/Syrian-refugee-family-in-Turkey.jpg?w=1200&amp;ssl=1 1200w\" sizes=\"auto, (max-width: 1016px) 100vw, 1016px\" \/><\/a><figcaption class=\"wp-element-caption\"><em><sup>Syrian family in Suruc refugee camp in Turkey. (Image Credit: UNHCR\/Ivor Prickett)<\/sup><\/em><\/figcaption><\/figure>\n<\/div>\n\n\n<p>Merz said Germany is already working with Syrian authorities on a joint program for reconstruction and voluntary returns. &#8220;Over the past few weeks, we have drawn up an ambitious joint work programme for reconstruction and return, which is now being implemented,&#8221; he said.<\/p>\n\n\n\n<p>Despite ambitious targets, both leaders said some Syrians would remain in Germany, and the process would be gradual.<\/p>\n\n\n\n<p>The renewed partnership signals a shift in relations between Syria and Germany, but major questions remain about how reconstruction will unfold and whether large-scale refugee returns can be achieved in the coming years.<\/p>\n","protected":false},"excerpt":{"rendered":"<p>Syrian President Ahmad Al Sharaa visited Germany on March 30, 2026, to officially restore bilateral partnership, with both sides announcing plans to work together on rebuilding Syria and facilitating the return of refugees.<\/p>\n","protected":false},"author":1,"featured_media":34961,"comment_status":"closed","ping_status":"closed","sticky":false,"template":"","format":"standard","meta":{"jetpack_post_was_ever_published":false,"_jetpack_newsletter_access":"","_jetpack_dont_email_post_to_subs":false,"_jetpack_newsletter_tier_id":0,"_jetpack_memberships_contains_paywalled_content":false,"_jetpack_memberships_contains_paid_content":false,"footnotes":"","jetpack_publicize_message":"","jetpack_publicize_feature_enabled":true,"jetpack_social_post_already_shared":true,"jetpack_social_options":{"image_generator_settings":{"template":"highway","default_image_id":0,"font":"","enabled":false},"version":2}},"categories":[62,44,1],"tags":[357,53,254,356,241,71,253,13],"class_list":["post-34959","post","type-post","status-publish","format-standard","has-post-thumbnail","hentry","category-europe","category-middle-east","category-news","tag-europe","tag-germany","tag-immigration","tag-middle-east","tag-migrants","tag-politics","tag-refugees","tag-syria"],"jetpack_publicize_connections":[],"jetpack_featured_media_url":"https:\/\/i0.wp.com\/www.ir-ia.com\/news\/wp-content\/uploads\/2026\/03\/Syria-Germany-leaders-meeting.jpg?fit=690%2C370&ssl=1","jetpack_shortlink":"https:\/\/wp.me\/p7jJWb-95R","jetpack_sharing_enabled":true,"_links":{"self":[{"href":"https:\/\/www.ir-ia.com\/news\/wp-json\/wp\/v2\/posts\/34959","targetHints":{"allow":["GET"]}}],"collection":[{"href":"https:\/\/www.ir-ia.com\/news\/wp-json\/wp\/v2\/posts"}],"about":[{"href":"https:\/\/www.ir-ia.com\/news\/wp-json\/wp\/v2\/types\/post"}],"author":[{"embeddable":true,"href":"https:\/\/www.ir-ia.com\/news\/wp-json\/wp\/v2\/users\/1"}],"replies":[{"embeddable":true,"href":"https:\/\/www.ir-ia.com\/news\/wp-json\/wp\/v2\/comments?post=34959"}],"version-history":[{"count":2,"href":"https:\/\/www.ir-ia.com\/news\/wp-json\/wp\/v2\/posts\/34959\/revisions"}],"predecessor-version":[{"id":34965,"href":"https:\/\/www.ir-ia.com\/news\/wp-json\/wp\/v2\/posts\/34959\/revisions\/34965"}],"wp:featuredmedia":[{"embeddable":true,"href":"https:\/\/www.ir-ia.com\/news\/wp-json\/wp\/v2\/media\/34961"}],"wp:attachment":[{"href":"https:\/\/www.ir-ia.com\/news\/wp-json\/wp\/v2\/media?parent=34959"}],"wp:term":[{"taxonomy":"category","embeddable":true,"href":"https:\/\/www.ir-ia.com\/news\/wp-json\/wp\/v2\/categories?post=34959"},{"taxonomy":"post_tag","embeddable":true,"href":"https:\/\/www.ir-ia.com\/news\/wp-json\/wp\/v2\/tags?post=34959"}],"curies":[{"name":"wp","href":"https:\/\/api.w.org\/{rel}","templated":true}]}}