{"id":34691,"date":"2026-03-14T00:00:00","date_gmt":"2026-03-13T22:00:00","guid":{"rendered":"https:\/\/www.ir-ia.com\/news\/?p=34691"},"modified":"2026-03-14T02:45:25","modified_gmt":"2026-03-14T00:45:25","slug":"polish-president-vetoes-50-billion-eu-defense-loan-plan-deepening-rift-with-government","status":"publish","type":"post","link":"https:\/\/www.ir-ia.com\/news\/polish-president-vetoes-50-billion-eu-defense-loan-plan-deepening-rift-with-government\/","title":{"rendered":"Polish president vetoes $50 billion EU defense loan plan, deepening rift with government"},"content":{"rendered":"\n<p><em>6 minute read<\/em><\/p>\n\n\n\n<p><strong>Poland\u2019s president has vetoed a major defense financing bill that would have allowed the country to access \u20ac44 billion ($50.2 billion) in low-cost loans from the European Union, triggering a sharp political confrontation with the government of Prime Minister Donald Tusk.<\/strong><\/p>\n\n\n\n<p>The legislation was designed to enable Poland to use funding from the EU\u2019s Security Action for Europe (SAFE) program, a large initiative aimed at strengthening Europe\u2019s military capabilities and defense industry.<\/p>\n\n\n\n<p>Poland had been expected to receive the largest share of the program, with about $50 billion in loans available to finance military investments.<\/p>\n\n\n\n<p>However, President Karol Nawrocki blocked the bill, arguing that the financing scheme could increase Poland\u2019s dependence on Brussels and create long-term financial obligations for the country.<\/p>\n\n\n\n<p>The decision has intensified an already tense political standoff between Poland\u2019s conservative president and the pro-European government.<\/p>\n\n\n\n<p>On Friday, Polish Prime Minister Donald Tusk has presented a plan on how the country can still access the loans following the veto. \u201cThe president&#8217;s veto does not stop us,\u201d he said during a special cabinet session.<\/p>\n\n\n\n<p><br><strong>Dispute Over EU Defense Financing<\/strong><\/p>\n\n\n\n<p>The SAFE program was created by the European Union to accelerate military spending across the continent as security concerns rise, particularly after Russia\u2019s full-scale invasion of Ukraine in 2022.<\/p>\n\n\n\n<p>Under the plan, EU member states can take advantage of low-interest loans to expand military production, modernize their armed forces, and strengthen defense cooperation across Europe.<\/p>\n\n\n<div class=\"wp-block-image\">\n<figure class=\"alignleft size-large is-resized\"><a href=\"https:\/\/i0.wp.com\/www.ir-ia.com\/news\/wp-content\/uploads\/2026\/03\/Poland-President-Karol-Nawrocki.jpg?ssl=1\"><img data-recalc-dims=\"1\" loading=\"lazy\" decoding=\"async\" width=\"1016\" height=\"592\" src=\"https:\/\/i0.wp.com\/www.ir-ia.com\/news\/wp-content\/uploads\/2026\/03\/Poland-President-Karol-Nawrocki.jpg?resize=1016%2C592&#038;ssl=1\" alt=\"Polish President Karol Nawrocki\" class=\"wp-image-34694\" style=\"width:840px\" srcset=\"https:\/\/i0.wp.com\/www.ir-ia.com\/news\/wp-content\/uploads\/2026\/03\/Poland-President-Karol-Nawrocki.jpg?resize=1024%2C597&amp;ssl=1 1024w, https:\/\/i0.wp.com\/www.ir-ia.com\/news\/wp-content\/uploads\/2026\/03\/Poland-President-Karol-Nawrocki.jpg?resize=300%2C175&amp;ssl=1 300w, https:\/\/i0.wp.com\/www.ir-ia.com\/news\/wp-content\/uploads\/2026\/03\/Poland-President-Karol-Nawrocki.jpg?resize=768%2C448&amp;ssl=1 768w, https:\/\/i0.wp.com\/www.ir-ia.com\/news\/wp-content\/uploads\/2026\/03\/Poland-President-Karol-Nawrocki.jpg?w=1200&amp;ssl=1 1200w\" sizes=\"auto, (max-width: 1016px) 100vw, 1016px\" \/><\/a><figcaption class=\"wp-element-caption\"><em><sup>Polish President Karol Nawrocki speaks during the military parade on the Polish Armed Forces Day, commemorating Poland&#8217;s victory over the Soviet Union&#8217;s Red Army in 1920, in Warsaw, Poland, on August 15, 2025. (Image Credit: Robert Kowalewski\/Agencja Wyborcza.pl)<\/sup><\/em><\/figcaption><\/figure>\n<\/div>\n\n\n<p>Poland was set to become the program\u2019s biggest beneficiary, with access to approximately $50 billion in loans. Government officials said the funds would help finance a wide range of military projects, including strengthening defenses along Poland\u2019s eastern border and expanding the country\u2019s domestic arms industry.<\/p>\n\n\n\n<p>The government has also emphasized that most of the money would stay within Poland\u2019s own defense sector.<\/p>\n\n\n\n<p>According to Prime Minister Tusk, more than 80% of the funds would be invested in Poland\u2019s defense industry, including purchases of modern technologies such as unmanned systems, anti-drone capabilities, satellites, and cyber warfare equipment.<\/p>\n\n\n\n<p>Poland has significantly increased defense spending in recent years as tensions with Russia have grown.<\/p>\n\n\n\n<p><br><strong>President Warns of Sovereignty Risks<\/strong><\/p>\n\n\n\n<p>President Nawrocki said the SAFE program could expose Poland to political pressure from Brussels while leaving the country responsible for large debts.<\/p>\n\n\n\n<p>In a televised address on March 12, he said the legislation \u201cthreatens our sovereignty, independence, or economic and military security.\u201d<\/p>\n\n\n\n<p>\u201cSAFE is a mechanism through which Brussels can withhold funding at will, based on the so-called principle of conditionality, and our country will still have to pay this debt,\u201d Nawrocki said. He argued that relying heavily on EU financing could weaken Poland\u2019s strategic independence.<\/p>\n\n\n<div class=\"wp-block-image\">\n<figure class=\"alignleft size-full is-resized\"><a href=\"https:\/\/i0.wp.com\/www.ir-ia.com\/news\/wp-content\/uploads\/2025\/04\/Polish-armed-forces.jpg?ssl=1\"><img data-recalc-dims=\"1\" loading=\"lazy\" decoding=\"async\" width=\"690\" height=\"370\" src=\"https:\/\/i0.wp.com\/www.ir-ia.com\/news\/wp-content\/uploads\/2025\/04\/Polish-armed-forces.jpg?resize=690%2C370&#038;ssl=1\" alt=\"Polish armed forces\" class=\"wp-image-28516\" style=\"width:840px\" srcset=\"https:\/\/i0.wp.com\/www.ir-ia.com\/news\/wp-content\/uploads\/2025\/04\/Polish-armed-forces.jpg?w=690&amp;ssl=1 690w, https:\/\/i0.wp.com\/www.ir-ia.com\/news\/wp-content\/uploads\/2025\/04\/Polish-armed-forces.jpg?resize=300%2C161&amp;ssl=1 300w\" sizes=\"auto, (max-width: 690px) 100vw, 690px\" \/><\/a><figcaption class=\"wp-element-caption\"><em><sup>Polish armed forces. (Image Credit: Poland&#8217;s Ministry of National Defence)<\/sup><\/em><\/figcaption><\/figure>\n<\/div>\n\n\n<p>Instead, the president proposed an alternative approach in which Poland would finance defense investments using domestic resources. His proposal includes using unrealized profits from the increasing value of the country\u2019s central bank gold reserves.<\/p>\n\n\n\n<p>The government rejected that idea, saying the central bank has not generated significant profits in recent years.<\/p>\n\n\n\n<p><br><strong>Government Criticizes Veto<\/strong><\/p>\n\n\n\n<p>Members of the government responded quickly and sharply to the president\u2019s decision. Prime Minister Tusk criticized the veto in a message posted on social media, writing: \u201cThe president lost his chance to act like a patriot.\u201d<\/p>\n\n\n\n<p>He said blocking the bill could delay important defense investments at a time when security conditions in Europe are deteriorating.<\/p>\n\n\n\n<p>Tusk also announced a special cabinet meeting to discuss alternative ways to access the EU financing despite the veto. The government has been preparing what he called a \u201cplan B\u201d that would still allow Poland to tap into the SAFE funds.<\/p>\n\n\n\n<p>Poland\u2019s foreign minister, Rados\u0142aw Sikorski, also criticized the move, warning that blocking the EU mechanism could undermine Poland\u2019s ability to strengthen its military capabilities.<br><\/p>\n\n\n\n<p><blockquote class=\"twitter-tweet\" data-media-max-width=\"800\"><p lang=\"pl\" dir=\"ltr\">Modernizacja Wojska Polskiego nie zatrzyma si\u0119. Polska armia musi by\u0107 silna dzi\u015b &#8211; nie za jaki\u015b czas! <a href=\"https:\/\/t.co\/T0FShbrFEm\">pic.twitter.com\/T0FShbrFEm<\/a><\/p>\u2014 W\u0142adys\u0142aw Kosiniak-Kamysz (@KosiniakKamysz) <a href=\"https:\/\/twitter.com\/KosiniakKamysz\/status\/2032480641141325960?ref_src=twsrc%5Etfw\">March 13, 2026<\/a><\/blockquote> <script async=\"\" src=\"https:\/\/platform.twitter.com\/widgets.js\" charset=\"utf-8\"><\/script><\/p>\n\n\n\n<p><br>Polish Defense Minister W\u0142adys\u0142aw Kosiniak-Kamysz said the loans would allow Poland to expand military spending without placing additional pressure on the national budget. \u201cIt\u2019s a bad and dangerous decision,\u201d Kosiniak-Kamysz said in a video posted on social media.<\/p>\n\n\n\n<p>\u201cThe point of the SAFE program is to modernize the Polish military whose procurement needs, equipment needs have been identified by the leading experts from the General Staff of the Polish Armed Forces,\u201d he said.<\/p>\n\n\n\n<p><br><strong>Government Moves Forward Despite Veto<\/strong><\/p>\n\n\n\n<p>Despite the veto, the government has signaled it will continue pursuing the EU loans. Because the ruling coalition does not have enough votes in parliament to override the president\u2019s veto, officials are exploring alternative legal mechanisms to access the financing.<\/p>\n\n\n\n<p>One option under discussion is incorporating the EU loans into an existing national defense fund already used to finance military acquisitions. Government officials said a resolution adopted on Friday authorizes ministers to move ahead with signing loan agreements with the EU.<\/p>\n\n\n\n<p>\u201cGiven the unprecedented and rapid deterioration of security in Europe, Poland must urgently and significantly increase its military investments,\u201d the government resolution stated.<\/p>\n\n\n\n<p>However, the president\u2019s office accused the government of trying to bypass the law. Zbigniew Bogucki, head of the presidential chancellery, said the government\u2019s actions could amount to circumventing the president\u2019s veto.<\/p>\n\n\n<div class=\"wp-block-image\">\n<figure class=\"alignleft size-large\"><a href=\"https:\/\/i0.wp.com\/www.ir-ia.com\/news\/wp-content\/uploads\/2025\/10\/Denmark-EU-Poland-France-leaders.jpg?ssl=1\"><img data-recalc-dims=\"1\" loading=\"lazy\" decoding=\"async\" width=\"1016\" height=\"678\" src=\"https:\/\/i0.wp.com\/www.ir-ia.com\/news\/wp-content\/uploads\/2025\/10\/Denmark-EU-Poland-France-leaders.jpg?resize=1016%2C678&#038;ssl=1\" alt=\"Prime Minister of Denmark Mette Frederiksen, President of the European Commission Ursula von der Leyen, Prime Minister of Poland Donald Tusk, and President of France Emmanuel Macron in Copenhagen\" class=\"wp-image-31913\" srcset=\"https:\/\/i0.wp.com\/www.ir-ia.com\/news\/wp-content\/uploads\/2025\/10\/Denmark-EU-Poland-France-leaders.jpg?resize=1024%2C683&amp;ssl=1 1024w, https:\/\/i0.wp.com\/www.ir-ia.com\/news\/wp-content\/uploads\/2025\/10\/Denmark-EU-Poland-France-leaders.jpg?resize=300%2C200&amp;ssl=1 300w, https:\/\/i0.wp.com\/www.ir-ia.com\/news\/wp-content\/uploads\/2025\/10\/Denmark-EU-Poland-France-leaders.jpg?resize=768%2C512&amp;ssl=1 768w, https:\/\/i0.wp.com\/www.ir-ia.com\/news\/wp-content\/uploads\/2025\/10\/Denmark-EU-Poland-France-leaders.jpg?resize=589%2C392&amp;ssl=1 589w, https:\/\/i0.wp.com\/www.ir-ia.com\/news\/wp-content\/uploads\/2025\/10\/Denmark-EU-Poland-France-leaders.jpg?w=1200&amp;ssl=1 1200w\" sizes=\"auto, (max-width: 1016px) 100vw, 1016px\" \/><\/a><figcaption class=\"wp-element-caption\"><em><sup>(From left to right) Prime Minister of Denmark Mette Frederiksen, President of the European Commission Ursula von der Leyen, Prime Minister of Poland Donald Tusk, and President of France Emmanuel Macron in Copenhagen, Denmark, on October 1, 2025. (Image Credit: X\/@PLinDenmark)<\/sup><\/em><br><br><\/figcaption><\/figure>\n<\/div>\n\n\n<p><br><strong>Political Divisions Deepen<\/strong><\/p>\n\n\n\n<p>The dispute also reflects broader political divisions in Poland over the country\u2019s relationship with the European Union.<\/p>\n\n\n\n<p>The conservative opposition party Law and Justice, which backs President Nawrocki, has criticized the SAFE program as an attempt by European powers to gain greater influence over Poland\u2019s defense policy.<\/p>\n\n\n\n<p>Party leaders have argued that the program could saddle Poland with large debts while limiting its freedom to decide how and where to purchase military equipment.<\/p>\n\n\n\n<p>The European Commission has largely avoided entering the domestic political dispute. A spokesperson for the European Commission said Brussels would not interfere in Poland\u2019s internal debate but remains committed to working with the country on defense cooperation. \u201cWe need Poland on board for European security,\u201d the spokesperson said.<\/p>\n\n\n\n<p><br><strong>Impact on Other Security Spending<\/strong><\/p>\n\n\n\n<p>The veto may also affect other security programs. Officials said that because the government may have to rely on an existing armed forces fund to access the loans, some previously planned spending could be delayed.<\/p>\n\n\n\n<p>About $1.87 billion that had been earmarked for the border guard and police could become temporarily unavailable due to funding rules linked to the existing defense fund.<\/p>\n\n\n\n<p>Poland has been rapidly expanding its military in recent years and now spends one of the highest percentages of its national income on defense among NATO countries.<\/p>\n\n\n<div class=\"wp-block-image\">\n<figure class=\"alignleft size-large is-resized\"><a href=\"https:\/\/i0.wp.com\/www.ir-ia.com\/news\/wp-content\/uploads\/2023\/08\/Polish-soldiers-border-guards.jpg?ssl=1\"><img data-recalc-dims=\"1\" loading=\"lazy\" decoding=\"async\" width=\"1016\" height=\"592\" src=\"https:\/\/i0.wp.com\/www.ir-ia.com\/news\/wp-content\/uploads\/2023\/08\/Polish-soldiers-border-guards.jpg?resize=1016%2C592&#038;ssl=1\" alt=\"Polish Army soldiers are seen in front of the Border Guard headquarters in Michalowo, Poland\" class=\"wp-image-17188\" style=\"width:840px\" srcset=\"https:\/\/i0.wp.com\/www.ir-ia.com\/news\/wp-content\/uploads\/2023\/08\/Polish-soldiers-border-guards.jpg?resize=1024%2C597&amp;ssl=1 1024w, https:\/\/i0.wp.com\/www.ir-ia.com\/news\/wp-content\/uploads\/2023\/08\/Polish-soldiers-border-guards.jpg?resize=300%2C175&amp;ssl=1 300w, https:\/\/i0.wp.com\/www.ir-ia.com\/news\/wp-content\/uploads\/2023\/08\/Polish-soldiers-border-guards.jpg?resize=768%2C448&amp;ssl=1 768w, https:\/\/i0.wp.com\/www.ir-ia.com\/news\/wp-content\/uploads\/2023\/08\/Polish-soldiers-border-guards.jpg?w=1200&amp;ssl=1 1200w\" sizes=\"auto, (max-width: 1016px) 100vw, 1016px\" \/><\/a><figcaption class=\"wp-element-caption\"><em><sup>Polish Army soldiers are seen in front of the Border Guard headquarters in Michalowo, Poland, on October 11, 2021. (Image Credit: Reuters\/Kacper Pempel)<\/sup><\/em><\/figcaption><\/figure>\n<\/div>\n\n\n<p>The clash between the president and the government highlights how disagreements over financing and sovereignty continue to shape Poland\u2019s security policy, even as the country faces growing pressure to strengthen its military capabilities in a more unstable European security environment.<\/p>\n","protected":false},"excerpt":{"rendered":"<p>Poland\u2019s president has vetoed a major defense financing bill that would have allowed the country to access \u20ac44 billion ($50.2 billion) in low-cost loans from the European Union, triggering a sharp political confrontation with the government of Prime Minister Donald Tusk.<\/p>\n","protected":false},"author":1,"featured_media":34693,"comment_status":"closed","ping_status":"closed","sticky":false,"template":"","format":"standard","meta":{"jetpack_post_was_ever_published":false,"_jetpack_newsletter_access":"","_jetpack_dont_email_post_to_subs":false,"_jetpack_newsletter_tier_id":0,"_jetpack_memberships_contains_paywalled_content":false,"_jetpack_memberships_contains_paid_content":false,"footnotes":"","jetpack_publicize_message":"","jetpack_publicize_feature_enabled":true,"jetpack_social_post_already_shared":true,"jetpack_social_options":{"image_generator_settings":{"template":"highway","default_image_id":0,"font":"","enabled":false},"version":2}},"categories":[62,1],"tags":[218,6,24,357,5,54,71,113],"class_list":["post-34691","post","type-post","status-publish","format-standard","has-post-thumbnail","hentry","category-europe","category-news","tag-army","tag-defense","tag-eu","tag-europe","tag-military","tag-poland","tag-politics","tag-security"],"jetpack_publicize_connections":[],"jetpack_featured_media_url":"https:\/\/i0.wp.com\/www.ir-ia.com\/news\/wp-content\/uploads\/2026\/03\/Poland-Tusk-and-Nawrocki-meeting.jpg?fit=690%2C370&ssl=1","jetpack_shortlink":"https:\/\/wp.me\/p7jJWb-91x","jetpack_sharing_enabled":true,"_links":{"self":[{"href":"https:\/\/www.ir-ia.com\/news\/wp-json\/wp\/v2\/posts\/34691","targetHints":{"allow":["GET"]}}],"collection":[{"href":"https:\/\/www.ir-ia.com\/news\/wp-json\/wp\/v2\/posts"}],"about":[{"href":"https:\/\/www.ir-ia.com\/news\/wp-json\/wp\/v2\/types\/post"}],"author":[{"embeddable":true,"href":"https:\/\/www.ir-ia.com\/news\/wp-json\/wp\/v2\/users\/1"}],"replies":[{"embeddable":true,"href":"https:\/\/www.ir-ia.com\/news\/wp-json\/wp\/v2\/comments?post=34691"}],"version-history":[{"count":4,"href":"https:\/\/www.ir-ia.com\/news\/wp-json\/wp\/v2\/posts\/34691\/revisions"}],"predecessor-version":[{"id":34709,"href":"https:\/\/www.ir-ia.com\/news\/wp-json\/wp\/v2\/posts\/34691\/revisions\/34709"}],"wp:featuredmedia":[{"embeddable":true,"href":"https:\/\/www.ir-ia.com\/news\/wp-json\/wp\/v2\/media\/34693"}],"wp:attachment":[{"href":"https:\/\/www.ir-ia.com\/news\/wp-json\/wp\/v2\/media?parent=34691"}],"wp:term":[{"taxonomy":"category","embeddable":true,"href":"https:\/\/www.ir-ia.com\/news\/wp-json\/wp\/v2\/categories?post=34691"},{"taxonomy":"post_tag","embeddable":true,"href":"https:\/\/www.ir-ia.com\/news\/wp-json\/wp\/v2\/tags?post=34691"}],"curies":[{"name":"wp","href":"https:\/\/api.w.org\/{rel}","templated":true}]}}